{"id":6361,"date":"2023-04-12T00:29:27","date_gmt":"2023-04-12T00:29:27","guid":{"rendered":"https:\/\/laprensanewspaper.com\/?p=6361"},"modified":"2023-04-12T00:29:27","modified_gmt":"2023-04-12T00:29:27","slug":"proteccion-legal-en-defensa-del-inmigrante-8","status":"publish","type":"post","link":"https:\/\/laprensanewspaper.com\/index.php\/2023\/04\/12\/proteccion-legal-en-defensa-del-inmigrante-8\/","title":{"rendered":"Protecci\u00f3n Legal en Defensa del Inmigrante"},"content":{"rendered":"<figure id=\"attachment_5847\" aria-describedby=\"caption-attachment-5847\" style=\"width: 222px\" class=\"wp-caption alignright\"><img loading=\"lazy\" decoding=\"async\" class=\"size-medium wp-image-5847\" src=\"http:\/\/laprensanewspaper.com\/wp-content\/uploads\/2023\/02\/frank-krajenke-copy-222x300.jpg\" alt=\"\" width=\"222\" height=\"300\" srcset=\"https:\/\/laprensanewspaper.com\/wp-content\/uploads\/2023\/02\/frank-krajenke-copy-222x300.jpg 222w, https:\/\/laprensanewspaper.com\/wp-content\/uploads\/2023\/02\/frank-krajenke-copy.jpg 700w\" sizes=\"auto, (max-width: 222px) 100vw, 222px\" \/><figcaption id=\"caption-attachment-5847\" class=\"wp-caption-text\">Lic. Frank Krajenke, Jr.<\/figcaption><\/figure>\n<p><strong><em>Especial para La Prensa por Lic. Frank Krajenke, Jr. [#9]<\/em><\/strong><\/p>\n<p>Inmigraci\u00f3n Laboral<\/p>\n<p><em>La<\/em> <em>inmigraci\u00f3n<\/em> <em>laboral<\/em> <em>se<\/em> <em>basa<\/em> <em>en<\/em> <em>las<\/em> <em>preferencias<\/em><\/p>\n<p>1. Primera preferencia (EB-1) \u2013 trabajadores prioritarios<\/p>\n<p>a. Extranjeros con habilidades extraordinarias en las ciencias, las artes, la educaci\u00f3n, los negocios o el atletismo;<\/p>\n<p>b. Profesores e investigadores destacados; o<\/p>\n<p>c. Ciertos gerentes y ejecutivos multinacionales.<\/p>\n<p>2. Segunda preferencia (EB-2)<\/p>\n<p>a. los extranjeros que sean miembros de las profesiones que posean t\u00edtulos avanzados o que tengan una capacidad excepcional (incluidas las solicitudes de exenciones de inter\u00e9s nacional).<\/p>\n<p>3. Tercera preferencia (EB-3): trabajadores calificados, profesionales u otros trabajadores.<\/p>\n<p>4. EB 4: Inmigrantes trabajadores especiales en las siguientes categor\u00edas: a. Trabajadores religiosos;<\/p>\n<p>b. Menores Inmigrantes Especiales;<\/p>\n<p>c. Determinados empleados de medios de comunicaci\u00f3n<\/p>\n<p>d. Ciertos oficiales o empleados retirados de una organizaci\u00f3n internacional G-4 o empleados civiles de la OTAN-6 y sus familiares;<\/p>\n<p>e. Ciertos empleados del gobierno de los Estados Unidos que se encuentran en el extranjero y sus familiares;<\/p>\n<p>f. Miembros de las fuerzas armadas de los Estados Unidos;<\/p>\n<p>g. Compa\u00f1\u00eda del Canal de Panam\u00e1 o empleados del gobierno de la Zona del Canal;<\/p>\n<p>h. Determinados m\u00e9dicos con licencia y practicantes de medicina en un estado de los Estados Unidos a partir del 9 de enero de 1978;<\/p>\n<p>i. Traductores o int\u00e9rpretes afganos o iraqu\u00edes;<\/p>\n<p>j. Iraqu\u00edes que fueron empleados por o en nombre del gobierno de los Estados Unidos; y\u00a0Afganos que fueron empleados por el gobierno de los Estados Unidos o la Fuerza Internacional de Asistencia para la Seguridad (ISAF).,<\/p>\n<ol start=\"5\">\n<li>EB 5: es una visa para inversionistas inmigrantes y un medio para obtener una tarjeta verde. Como m\u00ednimo, el extranjero debe estar dispuesto a invertir un m\u00ednimo de $500,000 en una empresa comercial y crear 10 empleos para que los empleados calificados se consideren esta visa.<\/li>\n<\/ol>\n<p>DACA<\/p>\n<p>El 15 de junio de 2012, el secretario de Seguridad Nacional anunci\u00f3 que ciertas personas que llegaron a los Estados Unidos cuando eran ni\u00f1os y cumplen con varias pautas pueden solicitar la consideraci\u00f3n de la acci\u00f3n diferida por un per\u00edodo de dos a\u00f1os, sujeto a renovaci\u00f3n. Tambi\u00e9n son elegibles para la autorizaci\u00f3n de trabajo. La acci\u00f3n diferida es un uso de la discreci\u00f3n de la fiscal\u00eda para diferir la acci\u00f3n de deportaci\u00f3n contra un individuo por un cierto per\u00edodo de tiempo. La acci\u00f3n diferida no proporciona un estatus legal.<\/p>\n<p>Los requisitos para la Acci\u00f3n Diferida para los Llegados en la Infancia (DACA) son:<\/p>\n<ol>\n<li>Eran menores de 31 a\u00f1os al 15 de junio de 2012;<\/li>\n<li>Vino a los Estados Unidos antes de cumplir 16 a\u00f1os;<\/li>\n<li>Han residido continuamente en los Estados Unidos desde el 15 de junio de 2007, hasta la actualidad;<\/li>\n<li>Estuvieron f\u00edsicamente presentes en los Estados Unidos el 15 de junio de 2012, y en el momento de hacer su solicitud de consideraci\u00f3n de acci\u00f3n diferida con<\/li>\n<li>No ten\u00eda estatus legal el 15 de junio de 2012, lo que significa que:<\/li>\n<li>Usted nunca tuvo un estatus migratorio legal en o antes del 15 de junio de 2012, o<\/li>\n<li>Cualquier estatus migratorio legal o libertad condicional que haya obtenido antes del 15 de junio de 2012 hab\u00eda expirado el 15 de junio de 2012;<\/li>\n<li>Actualmente est\u00e1 en la escuela, se ha graduado u obtenido un certificado de finalizaci\u00f3n de la escuela secundaria, ha obtenido un certificado de desarrollo de educaci\u00f3n general (GED) o es un veterano dado de baja honorablemente de la Guardia Costera o las Fuerzas Armadas de los Estados Unidos; y<\/li>\n<li>No han sido condenados por un delito grave, un delito menor significativo o tres o m\u00e1s delitos menores, y no representan una amenaza para la seguridad nacional o la seguridad p\u00fablica.<\/li>\n<\/ol>\n","protected":false},"excerpt":{"rendered":"<p>Especial para La Prensa por Lic. Frank Krajenke, Jr. [#9] Inmigraci\u00f3n Laboral La inmigraci\u00f3n laboral se basa en las preferencias 1. Primera preferencia (EB-1) \u2013 trabajadores prioritarios a. Extranjeros con habilidades extraordinarias en las ciencias, las artes, la educaci\u00f3n, los negocios o el atletismo; b. Profesores e investigadores destacados; o c. Ciertos gerentes y ejecutivos<\/p>\n","protected":false},"author":2,"featured_media":5891,"comment_status":"closed","ping_status":"closed","sticky":false,"template":"","format":"standard","meta":{"_monsterinsights_skip_tracking":false,"_monsterinsights_sitenote_active":false,"_monsterinsights_sitenote_note":"","_monsterinsights_sitenote_category":0,"_rtcl_gb_attr":"","footnotes":""},"categories":[6],"tags":[],"wf_post_folders":[137],"class_list":["post-6361","post","type-post","status-publish","format-standard","has-post-thumbnail","hentry","category-articles"],"aioseo_notices":[],"rttpg_featured_image_url":{"full":["https:\/\/laprensanewspaper.com\/wp-content\/uploads\/2023\/02\/Frank-Krajenke.jpg",700,411,false],"landscape":["https:\/\/laprensanewspaper.com\/wp-content\/uploads\/2023\/02\/Frank-Krajenke.jpg",700,411,false],"portraits":["https:\/\/laprensanewspaper.com\/wp-content\/uploads\/2023\/02\/Frank-Krajenke.jpg",700,411,false],"thumbnail":["https:\/\/laprensanewspaper.com\/wp-content\/uploads\/2023\/02\/Frank-Krajenke-150x150.jpg",150,150,true],"medium":["https:\/\/laprensanewspaper.com\/wp-content\/uploads\/2023\/02\/Frank-Krajenke-300x176.jpg",300,176,true],"large":["https:\/\/laprensanewspaper.com\/wp-content\/uploads\/2023\/02\/Frank-Krajenke.jpg",640,376,false],"1536x1536":["https:\/\/laprensanewspaper.com\/wp-content\/uploads\/2023\/02\/Frank-Krajenke.jpg",700,411,false],"2048x2048":["https:\/\/laprensanewspaper.com\/wp-content\/uploads\/2023\/02\/Frank-Krajenke.jpg",700,411,false],"rtcl-gallery":["https:\/\/laprensanewspaper.com\/wp-content\/uploads\/2023\/02\/Frank-Krajenke.jpg",700,411,false],"rtcl-thumbnail":["https:\/\/laprensanewspaper.com\/wp-content\/uploads\/2023\/02\/Frank-Krajenke-320x240.jpg",320,240,true],"rtcl-gallery-thumbnail":["https:\/\/laprensanewspaper.com\/wp-content\/uploads\/2023\/02\/Frank-Krajenke-150x105.jpg",150,105,true],"psacp-medium":["https:\/\/laprensanewspaper.com\/wp-content\/uploads\/2023\/02\/Frank-Krajenke.jpg",500,294,false],"rpwe-thumbnail":["https:\/\/laprensanewspaper.com\/wp-content\/uploads\/2023\/02\/Frank-Krajenke-45x45.jpg",45,45,true]},"rttpg_author":{"display_name":"LaPrensa Newspaper","author_link":"https:\/\/laprensanewspaper.com\/index.php\/author\/laprensa\/"},"rttpg_comment":0,"rttpg_category":"<a href=\"https:\/\/laprensanewspaper.com\/index.php\/category\/articles\/\" rel=\"category tag\">Articles<\/a>","rttpg_excerpt":"Especial para La Prensa por Lic. Frank Krajenke, Jr. [#9] Inmigraci\u00f3n Laboral La inmigraci\u00f3n laboral se basa en las preferencias 1. Primera preferencia (EB-1) \u2013 trabajadores prioritarios a. Extranjeros con habilidades extraordinarias en las ciencias, las artes, la educaci\u00f3n, los negocios o el atletismo; b. Profesores e investigadores destacados; o c. Ciertos gerentes y ejecutivos","_links":{"self":[{"href":"https:\/\/laprensanewspaper.com\/index.php\/wp-json\/wp\/v2\/posts\/6361","targetHints":{"allow":["GET"]}}],"collection":[{"href":"https:\/\/laprensanewspaper.com\/index.php\/wp-json\/wp\/v2\/posts"}],"about":[{"href":"https:\/\/laprensanewspaper.com\/index.php\/wp-json\/wp\/v2\/types\/post"}],"author":[{"embeddable":true,"href":"https:\/\/laprensanewspaper.com\/index.php\/wp-json\/wp\/v2\/users\/2"}],"replies":[{"embeddable":true,"href":"https:\/\/laprensanewspaper.com\/index.php\/wp-json\/wp\/v2\/comments?post=6361"}],"version-history":[{"count":1,"href":"https:\/\/laprensanewspaper.com\/index.php\/wp-json\/wp\/v2\/posts\/6361\/revisions"}],"predecessor-version":[{"id":6362,"href":"https:\/\/laprensanewspaper.com\/index.php\/wp-json\/wp\/v2\/posts\/6361\/revisions\/6362"}],"wp:featuredmedia":[{"embeddable":true,"href":"https:\/\/laprensanewspaper.com\/index.php\/wp-json\/wp\/v2\/media\/5891"}],"wp:attachment":[{"href":"https:\/\/laprensanewspaper.com\/index.php\/wp-json\/wp\/v2\/media?parent=6361"}],"wp:term":[{"taxonomy":"category","embeddable":true,"href":"https:\/\/laprensanewspaper.com\/index.php\/wp-json\/wp\/v2\/categories?post=6361"},{"taxonomy":"post_tag","embeddable":true,"href":"https:\/\/laprensanewspaper.com\/index.php\/wp-json\/wp\/v2\/tags?post=6361"},{"taxonomy":"wf_post_folders","embeddable":true,"href":"https:\/\/laprensanewspaper.com\/index.php\/wp-json\/wp\/v2\/wf_post_folders?post=6361"}],"curies":[{"name":"wp","href":"https:\/\/api.w.org\/{rel}","templated":true}]}}